{"id":3934,"date":"2024-06-21T11:59:00","date_gmt":"2024-06-21T11:59:00","guid":{"rendered":"https:\/\/www.ercopac.mrwatson.it\/?p=3934"},"modified":"2026-02-10T14:39:05","modified_gmt":"2026-02-10T14:39:05","slug":"ercopac-crescita-esponenziale-e-successo-internazionale-in-soli-18-mesi","status":"publish","type":"post","link":"https:\/\/ercopac.com\/fr\/comunicati\/ercopac-crescita-esponenziale-e-successo-internazionale-in-soli-18-mesi\/","title":{"rendered":"Ercopac: Crescita Esponenziale e Successo Internazionale in Soli 18 Mesi!"},"content":{"rendered":"\n<div class=\"wp-block-media-text is-stacked-on-mobile\" style=\"grid-template-columns:37% auto\"><figure class=\"wp-block-media-text__media\"><img fetchpriority=\"high\" decoding=\"async\" width=\"683\" height=\"1024\" src=\"https:\/\/ercopac.com\/wp-content\/uploads\/2024\/06\/Manuel-Grassi-Presidente-e-Direttore-Commerciale-683x1024.jpg\" alt=\"\" class=\"wp-image-8889 size-full\" srcset=\"https:\/\/ercopac.com\/wp-content\/uploads\/2024\/06\/Manuel-Grassi-Presidente-e-Direttore-Commerciale-683x1024.jpg 683w, https:\/\/ercopac.com\/wp-content\/uploads\/2024\/06\/Manuel-Grassi-Presidente-e-Direttore-Commerciale-200x300.jpg 200w, https:\/\/ercopac.com\/wp-content\/uploads\/2024\/06\/Manuel-Grassi-Presidente-e-Direttore-Commerciale-768x1152.jpg 768w, https:\/\/ercopac.com\/wp-content\/uploads\/2024\/06\/Manuel-Grassi-Presidente-e-Direttore-Commerciale-1024x1536.jpg 1024w, https:\/\/ercopac.com\/wp-content\/uploads\/2024\/06\/Manuel-Grassi-Presidente-e-Direttore-Commerciale.jpg 1365w\" sizes=\"(max-width: 683px) 100vw, 683px\" \/><\/figure><div class=\"wp-block-media-text__content\">\n<p>Ercopac \u00e8 una realt\u00e0 nata alla fine del 2022 che \u00e8 riuscita in un anno e mezzo a passare da 6 a 33 dipendenti, da 4 a 13 milioni di fatturato e ad aprire 2 filiali (Francia e Spagna) con una terza in via di sviluppo a Citt\u00e0 del Messico entro fine 2024. Questo risultato impressionante \u00e8 sicuramente frutto di competenza, professionalit\u00e0 e passione, e pu\u00f2 fungere da ispirazione per altri imprenditori dello stesso e di diversi settori.<\/p>\n\n\n\n<p>Per questo abbiamo voluto indagare come la visione di Ercopac sia stata trasformata in una realt\u00e0 cos\u00ec solida e in crescita con il nostro Presidente e Direttore Commerciale, Manuel Grassi.<\/p>\n<\/div><\/div>\n\n\n\n<div style=\"height:27px\" aria-hidden=\"true\" class=\"wp-block-spacer\"><\/div>\n\n\n\n<ol class=\"wp-block-list\">\n<li><strong>Quali sono stati i fattori chiave del successo di Ercopac?<\/strong><\/li>\n<\/ol>\n\n\n\n<p>Penso che i fattori chiave del nostro successo risiedano nella combinazione tra esperienza consolidata nel settore del packaging di fine linea e un team giovane e altamente competente. Grazie all\u2019inserimento di personale specializzato in una struttura aziendale snella e funzionale siamo stati in grado di fornire soluzioni innovative e tecnologicamente avanzate che ci hanno permesso di distinguerci e di ottenere una crescita esponenziale in un breve periodo di tempo. Sicuramente anche il grande bagaglio di contatti ed esperienza sul mercato del nostro team commerciale ci ha aiutato a guadagnare subito credibilit\u00e0 e ad ottenere la fiducia dei nostri clienti.<\/p>\n\n\n\n<ul class=\"wp-block-list\">\n<li><strong>Come \u00e8 stato strutturato il team per la gestione di una crescita cos\u00ec rapida?<\/strong><\/li>\n<\/ul>\n\n\n\n<p>Abbiamo strutturato il nostro team con un approccio dinamico e flessibile, investendo nella formazione e nello sviluppo dei nostri talenti interni. Grazie alla guida di responsabili gi\u00e0 formati e altamente specializzati provenienti da altre aziende del settore, siamo riusciti a mantenere un alto livello di efficienza e coesione interna, che ci ha permesso di affrontare con successo le sfide legate alla crescita rapida. Abbiamo anche creduto fin da subito nelle potenzialit\u00e0 dei nostri giovani dando loro fiducia e responsabilit\u00e0, e questo approccio ha sicuramente portato alla costruzione di un clima sereno di rispetto e stima, nonch\u00e9 ad una importante collaborazione tra tutti i reparti.<\/p>\n\n\n\n<ul class=\"wp-block-list\">\n<li><strong>Quali sono state le sfide pi\u00f9 significative e come sono state superate?<\/strong><\/li>\n<\/ul>\n\n\n\n<p>Le sfide pi\u00f9 significative che abbiamo affrontato fino ad oggi sono state legate alla gestione del rapido aumento della domanda, all\u2019espansione delle operazioni su scala internazionale e alla necessit\u00e0 di consolidamento del numero di referenze per i nostri mercati target. Queste sfide risultano ancora pi\u00f9 significative se si pensa alle mutevoli condizioni del mercato del packaging a livello globale e all\u2019alto tasso di concorrenza che lo caratterizza. Siamo riusciti ad oggi a superare queste sfide investendo nella nostra infrastruttura produttiva e logistica, puntando al miglioramento dei processi interni al rafforzamento delle relazioni con i nostri clienti e fornitori. Abbiamo fatto anche affidamento sui nostri punti di forza, quali reattivit\u00e0, qualit\u00e0, flessibilit\u00e0 e alto contenuto tecnologico, per differenziarci e affermare il nostro brand.<\/p>\n\n\n\n<ul class=\"wp-block-list\">\n<li><strong>Come sei stato in grado di attrarre, sviluppare e trattenere i talenti per creare una cultura aziendale forte e ottimizzare i processi produttivi?<\/strong><\/li>\n<\/ul>\n\n\n\n<p>Penso che siamo stati in grado di attrarre talenti offrendo opportunit\u00e0 di crescita professionale e un ambiente di lavoro stimolante e dinamico. Fin da subito abbiamo deciso di condividere la nostra visione con ciascun candidato in sede di colloquio, sia per trasmettere appieno il progetto di Ercopac, sia per far entrare a far parte del sogno tutto l\u2019organico. Questo tipo di rapporto tra dirigenza e dipendenti non \u00e8 sempre facilmente instaurabile, ma penso che sia la base per una relazione onesta tra le parti. Inoltre, tramite l\u2019investimento nei rapporti interpersonali, abbiamo creato un ambiente di lavoro inclusivo e collaborativo, dove le idee vengono valorizzate e premiate. Un sistema basato sulla meritocrazia spinge sempre le persone a dare il massimo e a vedere riconosciuto il proprio valore quando questo viene dimostrato giorno per giorno. Questo ci ha permesso di creare una cultura aziendale forte e un terreno fertile sia per giovani talenti volenterosi di mettere in gioco le conoscenze acquisite nel loro percorso di studio, sia per figure senior desiderose di lanciarsi in una nuova sfida con nuove responsabilit\u00e0.<\/p>\n\n\n\n<ul class=\"wp-block-list\">\n<li><strong>Quali consigli daresti a chi desidera avviare o far crescere la propria azienda?<\/strong><\/li>\n<\/ul>\n\n\n\n<p>Il mio consiglio principale \u00e8 quello di avere una visione chiara e ambiziosa, ma anche di essere flessibili e pronti ad adattarsi ai cambiamenti del mercato. \u00c8 essenziale investire nelle persone giuste e creare una cultura aziendale solida a livello umano. Inoltre, \u00e8 importante mantenere un focus costante sulla qualit\u00e0 del prodotto e del servizio, garantendo sempre la massima soddisfazione del cliente. A livello strutturale, penso che sia importante stabilire fin da subito delle procedure e dei metodi di lavoro chiari e ben comunicati per rendere la crescita scalabile e il team allineato. L\u2019ultimo consiglio che mi sento di dare \u00e8 di non fermarsi mai ai primi risultati positivi e ai primi obiettivi raggiunti, ma di guardare sempre avanti verso nuovi obiettivi da raggiungere. Bisogna essere talmente positivi, che le persone negative non vogliano starti vicino!<\/p>\n\n\n\n<div style=\"height:29px\" aria-hidden=\"true\" class=\"wp-block-spacer\"><\/div>\n\n\n\n<figure class=\"wp-block-image size-large\"><img decoding=\"async\" width=\"1024\" height=\"512\" src=\"https:\/\/ercopac.com\/wp-content\/uploads\/2023\/12\/Product-Range-1024x512.png\" alt=\"\" class=\"wp-image-8843\" srcset=\"https:\/\/ercopac.com\/wp-content\/uploads\/2023\/12\/Product-Range-1024x512.png 1024w, https:\/\/ercopac.com\/wp-content\/uploads\/2023\/12\/Product-Range-300x150.png 300w, https:\/\/ercopac.com\/wp-content\/uploads\/2023\/12\/Product-Range-768x384.png 768w, https:\/\/ercopac.com\/wp-content\/uploads\/2023\/12\/Product-Range-1536x768.png 1536w, https:\/\/ercopac.com\/wp-content\/uploads\/2023\/12\/Product-Range-2048x1024.png 2048w\" sizes=\"(max-width: 1024px) 100vw, 1024px\" \/><\/figure>\n\n\n\n<p><\/p>\n\n\n\n<p><\/p>\n","protected":false},"excerpt":{"rendered":"<p>Ercopac \u00e8 una realt\u00e0 nata alla fine del 2022 che \u00e8 riuscita in un anno e mezzo a passare da 6 a 33 dipendenti, da 4 a 13 milioni di fatturato e ad aprire 2 filiali (Francia e Spagna) con una terza in via di sviluppo a Citt\u00e0 del Messico entro fine 2024. Questo risultato [&hellip;]<\/p>\n","protected":false},"author":2,"featured_media":3935,"comment_status":"closed","ping_status":"open","sticky":false,"template":"elementor_theme","format":"standard","meta":{"_eb_attr":"","footnotes":""},"categories":[30,26],"tags":[],"class_list":["post-3934","post","type-post","status-publish","format-standard","has-post-thumbnail","hentry","category-tutte","category-comunicati"],"_links":{"self":[{"href":"https:\/\/ercopac.com\/fr\/wp-json\/wp\/v2\/posts\/3934","targetHints":{"allow":["GET"]}}],"collection":[{"href":"https:\/\/ercopac.com\/fr\/wp-json\/wp\/v2\/posts"}],"about":[{"href":"https:\/\/ercopac.com\/fr\/wp-json\/wp\/v2\/types\/post"}],"author":[{"embeddable":true,"href":"https:\/\/ercopac.com\/fr\/wp-json\/wp\/v2\/users\/2"}],"replies":[{"embeddable":true,"href":"https:\/\/ercopac.com\/fr\/wp-json\/wp\/v2\/comments?post=3934"}],"version-history":[{"count":3,"href":"https:\/\/ercopac.com\/fr\/wp-json\/wp\/v2\/posts\/3934\/revisions"}],"predecessor-version":[{"id":9597,"href":"https:\/\/ercopac.com\/fr\/wp-json\/wp\/v2\/posts\/3934\/revisions\/9597"}],"wp:featuredmedia":[{"embeddable":true,"href":"https:\/\/ercopac.com\/fr\/wp-json\/wp\/v2\/media\/3935"}],"wp:attachment":[{"href":"https:\/\/ercopac.com\/fr\/wp-json\/wp\/v2\/media?parent=3934"}],"wp:term":[{"taxonomy":"category","embeddable":true,"href":"https:\/\/ercopac.com\/fr\/wp-json\/wp\/v2\/categories?post=3934"},{"taxonomy":"post_tag","embeddable":true,"href":"https:\/\/ercopac.com\/fr\/wp-json\/wp\/v2\/tags?post=3934"}],"curies":[{"name":"wp","href":"https:\/\/api.w.org\/{rel}","templated":true}]}}